{"id":614,"date":"2025-02-27T14:53:36","date_gmt":"2025-02-27T13:53:36","guid":{"rendered":"https:\/\/nehomia.com\/?p=614"},"modified":"2025-02-27T14:53:37","modified_gmt":"2025-02-27T13:53:37","slug":"larenh-actualites-et-perspectives-pour-les-entreprises-en-2025","status":"publish","type":"post","link":"https:\/\/nehomia.com\/index.php\/2025\/02\/27\/larenh-actualites-et-perspectives-pour-les-entreprises-en-2025\/","title":{"rendered":"L&rsquo;ARENH\u00a0: Actualit\u00e9s et Perspectives pour les Entreprises en 2025"},"content":{"rendered":"\n<h2 class=\"wp-block-heading\">Qu&rsquo;est-ce que l&rsquo;ARENH\u00a0?<\/h2>\n\n\n\n<p>L&rsquo;<strong>Acc\u00e8s R\u00e9gul\u00e9 \u00e0 l&rsquo;\u00c9lectricit\u00e9 Nucl\u00e9aire Historique (ARENH)<\/strong> est un dispositif instaur\u00e9 en 2011 pour permettre aux fournisseurs alternatifs d&rsquo;acheter de l&rsquo;\u00e9lectricit\u00e9 nucl\u00e9aire \u00e0 EDF \u00e0 un tarif r\u00e9gul\u00e9 de 42\u00a0\u20ac\/MWh. Ce m\u00e9canisme vise \u00e0 favoriser la concurrence sur le march\u00e9 de l&rsquo;\u00e9lectricit\u00e9 en France.<\/p>\n\n\n\n<div style=\"height:40px\" aria-hidden=\"true\" class=\"wp-block-spacer\"><\/div>\n\n\n\n<h2 class=\"wp-block-heading\">Fin de l&rsquo;ARENH pr\u00e9vue le 31 d\u00e9cembre 2025<\/h2>\n\n\n\n<h3 class=\"wp-block-heading\">Pourquoi l&rsquo;ARENH prend-il fin\u00a0?<\/h3>\n\n\n\n<p><strong>\u00c9volution du march\u00e9 de l&rsquo;\u00e9lectricit\u00e9<\/strong>&nbsp;: Les fluctuations des prix de l&rsquo;\u00e9lectricit\u00e9 sur les march\u00e9s de gros ont remis en question la pertinence du dispositif.<strong>Pression europ\u00e9enne<\/strong>&nbsp;: L&rsquo;Union europ\u00e9enne a exprim\u00e9 des r\u00e9serves quant \u00e0 l&rsquo;impact de l&rsquo;ARENH sur la concurrence \u00e9quitable.<strong>Besoins de financement d&rsquo;EDF<\/strong>&nbsp;: EDF n\u00e9cessite des ressources accrues pour la maintenance de son parc nucl\u00e9aire et le d\u00e9veloppement des \u00e9nergies renouvelables.<\/p>\n\n\n\n<div style=\"height:41px\" aria-hidden=\"true\" class=\"wp-block-spacer\"><\/div>\n\n\n\n<h3 class=\"wp-block-heading\">Cons\u00e9quences pour les entreprises<\/h3>\n\n\n\n<p>La disparition de l&rsquo;ARENH entra\u00eenera une modification des conditions d&rsquo;approvisionnement en \u00e9lectricit\u00e9 pour les fournisseurs alternatifs, ce qui pourrait se traduire par une <strong>augmentation des co\u00fbts<\/strong> pour les entreprises consommatrices. Il est essentiel pour ces derni\u00e8res d&rsquo;anticiper ces changements et d&rsquo;adapter leur strat\u00e9gie d&rsquo;achat d&rsquo;\u00e9nergie en cons\u00e9quence.<\/p>\n\n\n\n<div style=\"height:38px\" aria-hidden=\"true\" class=\"wp-block-spacer\"><\/div>\n\n\n\n<h2 class=\"wp-block-heading\">Le dispositif post-ARENH\u00a0: le Versement Nucl\u00e9aire Universel (VNU)<\/h2>\n\n\n\n<h3 class=\"wp-block-heading\">Pr\u00e9sentation du VNU<\/h3>\n\n\n\n<p>\u00c0 partir du 1\u1d49\u02b3 janvier 2026, le <strong>Versement Nucl\u00e9aire Universel (VNU)<\/strong> remplacera l&rsquo;ARENH. Contrairement \u00e0 l&rsquo;ARENH, qui b\u00e9n\u00e9ficiait principalement aux fournisseurs, le VNU vise \u00e0 redistribuer les avantages directement aux consommateurs sous forme de r\u00e9ductions sur leur facture d&rsquo;\u00e9lectricit\u00e9.<\/p>\n\n\n\n<div style=\"height:41px\" aria-hidden=\"true\" class=\"wp-block-spacer\"><\/div>\n\n\n\n<h3 class=\"wp-block-heading\">Implications pour les entreprises<\/h3>\n\n\n\n<p>Les entreprises devront analyser l&rsquo;impact du VNU sur leurs co\u00fbts \u00e9nerg\u00e9tiques et ajuster leurs contrats en cons\u00e9quence. Une <strong>gestion proactive<\/strong> et une <strong>optimisation des d\u00e9penses \u00e9nerg\u00e9tiques<\/strong> seront cruciales pour ma\u00eetriser les co\u00fbts dans ce nouveau contexte.<\/p>\n\n\n\n<div style=\"height:45px\" aria-hidden=\"true\" class=\"wp-block-spacer\"><\/div>\n\n\n\n<h2 class=\"wp-block-heading\">Augmentation pr\u00e9vue des tarifs de l&rsquo;\u00e9lectricit\u00e9 en 2026<\/h2>\n\n\n\n<h3 class=\"wp-block-heading\">Analyse de l&rsquo;UFC-Que Choisir<\/h3>\n\n\n\n<p>Selon une \u00e9tude publi\u00e9e en f\u00e9vrier 2025 par l&rsquo;UFC-Que Choisir, la mise en place du nouveau dispositif post-ARENH pourrait entra\u00eener une <strong>hausse significative des tarifs de l&rsquo;\u00e9lectricit\u00e9<\/strong> d\u00e8s 2026. L&rsquo;association souligne que cette r\u00e9forme pourrait alourdir la facture des consommateurs, y compris les entreprises.<\/p>\n\n\n\n<div style=\"height:38px\" aria-hidden=\"true\" class=\"wp-block-spacer\"><\/div>\n\n\n\n<h3 class=\"wp-block-heading\">Pr\u00e9visions tarifaires<\/h3>\n\n\n\n<p>L&rsquo;\u00e9tude r\u00e9v\u00e8le qu&rsquo;une application anticip\u00e9e de la r\u00e9forme d\u00e8s 2025 aurait fait grimper le co\u00fbt d&rsquo;approvisionnement servant \u00e0 fixer les tarifs r\u00e9glement\u00e9s \u00e0 117,29\u00a0\u20ac\/MWh, soit une augmentation de 44\u00a0% par rapport aux 81,37\u00a0\u20ac\/MWh actuels. Cette projection souligne l&rsquo;importance pour les entreprises de se pr\u00e9parer \u00e0 une possible hausse des co\u00fbts \u00e9nerg\u00e9tiques.<\/p>\n\n\n\n<div style=\"height:42px\" aria-hidden=\"true\" class=\"wp-block-spacer\"><\/div>\n\n\n\n<h2 class=\"wp-block-heading\">Strat\u00e9gies recommand\u00e9es pour les entreprises<\/h2>\n\n\n\n<h3 class=\"wp-block-heading\">Optimisation des contrats d&rsquo;\u00e9nergie<\/h3>\n\n\n\n<p>Il est recommand\u00e9 aux entreprises de <strong>ren\u00e9gocier leurs contrats d&rsquo;\u00e9nergie<\/strong> avant la fin de l&rsquo;ARENH afin de s\u00e9curiser des tarifs avantageux. Collaborer avec des experts en <strong>pilotage des d\u00e9penses \u00e9nerg\u00e9tiques<\/strong> peut faciliter cette d\u00e9marche et offrir une meilleure visibilit\u00e9 sur les opportunit\u00e9s du march\u00e9.<\/p>\n\n\n\n<div style=\"height:41px\" aria-hidden=\"true\" class=\"wp-block-spacer\"><\/div>\n\n\n\n<h3 class=\"wp-block-heading\">Investissement dans les \u00e9nergies renouvelables<\/h3>\n\n\n\n<p>Diversifier les sources d&rsquo;approvisionnement en investissant dans des solutions d&rsquo;<strong>\u00e9nergies renouvelables<\/strong> peut aider les entreprises \u00e0 r\u00e9duire leur d\u00e9pendance aux fluctuations du march\u00e9 de l&rsquo;\u00e9lectricit\u00e9 et \u00e0 b\u00e9n\u00e9ficier de co\u00fbts plus stables \u00e0 long terme.<\/p>\n\n\n\n<div style=\"height:35px\" aria-hidden=\"true\" class=\"wp-block-spacer\"><\/div>\n\n\n\n<h3 class=\"wp-block-heading\">Mise en place de solutions d&rsquo;efficacit\u00e9 \u00e9nerg\u00e9tique<\/h3>\n\n\n\n<p>Adopter des mesures d&rsquo;<strong>efficacit\u00e9 \u00e9nerg\u00e9tique<\/strong>, telles que l&rsquo;am\u00e9lioration de l&rsquo;isolation des b\u00e2timents ou l&rsquo;utilisation d&rsquo;\u00e9quipements moins \u00e9nergivores, peut contribuer \u00e0 diminuer la consommation globale et, par cons\u00e9quent, les co\u00fbts associ\u00e9s.<\/p>\n\n\n\n<div style=\"height:35px\" aria-hidden=\"true\" class=\"wp-block-spacer\"><\/div>\n\n\n\n<h2 class=\"wp-block-heading\">Conclusion<\/h2>\n\n\n\n<p>La fin de l&rsquo;ARENH et l&rsquo;introduction du Versement Nucl\u00e9aire Universel marquent une <strong>transition majeure<\/strong> dans le paysage \u00e9nerg\u00e9tique fran\u00e7ais. Les entreprises doivent anticiper ces changements en adaptant leurs strat\u00e9gies d&rsquo;approvisionnement et en mettant en \u0153uvre des mesures pour <strong>optimiser leurs d\u00e9penses \u00e9nerg\u00e9tiques<\/strong>. Une approche proactive permettra de naviguer efficacement dans ce nouveau contexte et de <strong>minimiser l&rsquo;impact financier<\/strong> des \u00e9volutions \u00e0 venir.<\/p>\n","protected":false},"excerpt":{"rendered":"<p>La fin de l&rsquo;ARENH et l&rsquo;introduction du Versement Nucl\u00e9aire Universel marquent une transition majeure dans le paysage \u00e9nerg\u00e9tique fran\u00e7ais. Les entreprises doivent anticiper ces changements en adaptant leurs strat\u00e9gies d&rsquo;approvisionnement et en mettant en \u0153uvre des mesures pour optimiser leurs d\u00e9penses \u00e9nerg\u00e9tiques. Une approche proactive permettra de naviguer efficacement dans ce nouveau contexte et de minimiser l&rsquo;impact financier des \u00e9volutions \u00e0 venir.<\/p>\n","protected":false},"author":2,"featured_media":394,"comment_status":"closed","ping_status":"closed","sticky":false,"template":"","format":"standard","meta":{"content-type":"","footnotes":""},"categories":[1],"tags":[],"class_list":["post-614","post","type-post","status-publish","format-standard","has-post-thumbnail","hentry","category-non-classe"],"yoast_head":"<!-- This site is optimized with the Yoast SEO plugin v24.4 - https:\/\/yoast.com\/wordpress\/plugins\/seo\/ -->\n<title>L&#039;ARENH\u00a0: Actualit\u00e9s et Perspectives pour les Entreprises en 2025 &#8211; Nehomia<\/title>\n<meta name=\"robots\" content=\"index, follow, max-snippet:-1, max-image-preview:large, max-video-preview:-1\" \/>\n<link rel=\"canonical\" href=\"https:\/\/nehomia.com\/index.php\/2025\/02\/27\/larenh-actualites-et-perspectives-pour-les-entreprises-en-2025\/\" \/>\n<meta property=\"og:locale\" content=\"fr_FR\" \/>\n<meta property=\"og:type\" content=\"article\" \/>\n<meta property=\"og:title\" content=\"L&#039;ARENH\u00a0: Actualit\u00e9s et Perspectives pour les Entreprises en 2025 &#8211; Nehomia\" \/>\n<meta property=\"og:description\" content=\"La fin de l&#039;ARENH et l&#039;introduction du Versement Nucl\u00e9aire Universel marquent une transition majeure dans le paysage \u00e9nerg\u00e9tique fran\u00e7ais. Les entreprises doivent anticiper ces changements en adaptant leurs strat\u00e9gies d&#039;approvisionnement et en mettant en \u0153uvre des mesures pour optimiser leurs d\u00e9penses \u00e9nerg\u00e9tiques. Une approche proactive permettra de naviguer efficacement dans ce nouveau contexte et de minimiser l&#039;impact financier des \u00e9volutions \u00e0 venir.\" \/>\n<meta property=\"og:url\" content=\"https:\/\/nehomia.com\/index.php\/2025\/02\/27\/larenh-actualites-et-perspectives-pour-les-entreprises-en-2025\/\" \/>\n<meta property=\"og:site_name\" content=\"Nehomia\" \/>\n<meta property=\"article:published_time\" content=\"2025-02-27T13:53:36+00:00\" \/>\n<meta property=\"article:modified_time\" content=\"2025-02-27T13:53:37+00:00\" \/>\n<meta property=\"og:image\" content=\"https:\/\/nehomia.com\/wp-content\/uploads\/2025\/02\/Midjourney-2025-02-16-19_48_30.png\" \/>\n\t<meta property=\"og:image:width\" content=\"1024\" \/>\n\t<meta property=\"og:image:height\" content=\"1024\" \/>\n\t<meta property=\"og:image:type\" content=\"image\/png\" \/>\n<meta name=\"author\" content=\"Nehomia\" \/>\n<meta name=\"twitter:card\" content=\"summary_large_image\" \/>\n<meta name=\"twitter:label1\" content=\"\u00c9crit par\" \/>\n\t<meta name=\"twitter:data1\" content=\"Nehomia\" \/>\n\t<meta name=\"twitter:label2\" content=\"Dur\u00e9e de lecture estim\u00e9e\" \/>\n\t<meta name=\"twitter:data2\" content=\"4 minutes\" \/>\n<script type=\"application\/ld+json\" class=\"yoast-schema-graph\">{\"@context\":\"https:\/\/schema.org\",\"@graph\":[{\"@type\":\"Article\",\"@id\":\"https:\/\/nehomia.com\/index.php\/2025\/02\/27\/larenh-actualites-et-perspectives-pour-les-entreprises-en-2025\/#article\",\"isPartOf\":{\"@id\":\"https:\/\/nehomia.com\/index.php\/2025\/02\/27\/larenh-actualites-et-perspectives-pour-les-entreprises-en-2025\/\"},\"author\":{\"name\":\"Nehomia\",\"@id\":\"https:\/\/nehomia.com\/#\/schema\/person\/b4b6042119c9b0dbe57c432ef2f54b53\"},\"headline\":\"L&rsquo;ARENH\u00a0: Actualit\u00e9s et Perspectives pour les Entreprises en 2025\",\"datePublished\":\"2025-02-27T13:53:36+00:00\",\"dateModified\":\"2025-02-27T13:53:37+00:00\",\"mainEntityOfPage\":{\"@id\":\"https:\/\/nehomia.com\/index.php\/2025\/02\/27\/larenh-actualites-et-perspectives-pour-les-entreprises-en-2025\/\"},\"wordCount\":644,\"publisher\":{\"@id\":\"https:\/\/nehomia.com\/#organization\"},\"image\":{\"@id\":\"https:\/\/nehomia.com\/index.php\/2025\/02\/27\/larenh-actualites-et-perspectives-pour-les-entreprises-en-2025\/#primaryimage\"},\"thumbnailUrl\":\"https:\/\/nehomia.com\/wp-content\/uploads\/2025\/02\/Midjourney-2025-02-16-19_48_30.webp\",\"inLanguage\":\"fr-FR\"},{\"@type\":\"WebPage\",\"@id\":\"https:\/\/nehomia.com\/index.php\/2025\/02\/27\/larenh-actualites-et-perspectives-pour-les-entreprises-en-2025\/\",\"url\":\"https:\/\/nehomia.com\/index.php\/2025\/02\/27\/larenh-actualites-et-perspectives-pour-les-entreprises-en-2025\/\",\"name\":\"L'ARENH\u00a0: Actualit\u00e9s et Perspectives pour les Entreprises en 2025 &#8211; Nehomia\",\"isPartOf\":{\"@id\":\"https:\/\/nehomia.com\/#website\"},\"primaryImageOfPage\":{\"@id\":\"https:\/\/nehomia.com\/index.php\/2025\/02\/27\/larenh-actualites-et-perspectives-pour-les-entreprises-en-2025\/#primaryimage\"},\"image\":{\"@id\":\"https:\/\/nehomia.com\/index.php\/2025\/02\/27\/larenh-actualites-et-perspectives-pour-les-entreprises-en-2025\/#primaryimage\"},\"thumbnailUrl\":\"https:\/\/nehomia.com\/wp-content\/uploads\/2025\/02\/Midjourney-2025-02-16-19_48_30.webp\",\"datePublished\":\"2025-02-27T13:53:36+00:00\",\"dateModified\":\"2025-02-27T13:53:37+00:00\",\"breadcrumb\":{\"@id\":\"https:\/\/nehomia.com\/index.php\/2025\/02\/27\/larenh-actualites-et-perspectives-pour-les-entreprises-en-2025\/#breadcrumb\"},\"inLanguage\":\"fr-FR\",\"potentialAction\":[{\"@type\":\"ReadAction\",\"target\":[\"https:\/\/nehomia.com\/index.php\/2025\/02\/27\/larenh-actualites-et-perspectives-pour-les-entreprises-en-2025\/\"]}]},{\"@type\":\"ImageObject\",\"inLanguage\":\"fr-FR\",\"@id\":\"https:\/\/nehomia.com\/index.php\/2025\/02\/27\/larenh-actualites-et-perspectives-pour-les-entreprises-en-2025\/#primaryimage\",\"url\":\"https:\/\/nehomia.com\/wp-content\/uploads\/2025\/02\/Midjourney-2025-02-16-19_48_30.webp\",\"contentUrl\":\"https:\/\/nehomia.com\/wp-content\/uploads\/2025\/02\/Midjourney-2025-02-16-19_48_30.webp\",\"width\":1024,\"height\":1024},{\"@type\":\"BreadcrumbList\",\"@id\":\"https:\/\/nehomia.com\/index.php\/2025\/02\/27\/larenh-actualites-et-perspectives-pour-les-entreprises-en-2025\/#breadcrumb\",\"itemListElement\":[{\"@type\":\"ListItem\",\"position\":1,\"name\":\"Accueil\",\"item\":\"https:\/\/nehomia.com\/\"},{\"@type\":\"ListItem\",\"position\":2,\"name\":\"L&rsquo;ARENH\u00a0: Actualit\u00e9s et Perspectives pour les Entreprises en 2025\"}]},{\"@type\":\"WebSite\",\"@id\":\"https:\/\/nehomia.com\/#website\",\"url\":\"https:\/\/nehomia.com\/\",\"name\":\"S\u00e9curisons ensemble votre budget \u00e9nerg\u00e9tique - Nehomia\",\"description\":\"S\u00e9curisons ensemble votre budget \u00e9nerg\u00e9tique\",\"publisher\":{\"@id\":\"https:\/\/nehomia.com\/#organization\"},\"alternateName\":\"Nehomia\",\"potentialAction\":[{\"@type\":\"SearchAction\",\"target\":{\"@type\":\"EntryPoint\",\"urlTemplate\":\"https:\/\/nehomia.com\/?s={search_term_string}\"},\"query-input\":{\"@type\":\"PropertyValueSpecification\",\"valueRequired\":true,\"valueName\":\"search_term_string\"}}],\"inLanguage\":\"fr-FR\"},{\"@type\":\"Organization\",\"@id\":\"https:\/\/nehomia.com\/#organization\",\"name\":\"S\u00e9curisons ensemble votre budget \u00e9nerg\u00e9tique - Nehomia\",\"url\":\"https:\/\/nehomia.com\/\",\"logo\":{\"@type\":\"ImageObject\",\"inLanguage\":\"fr-FR\",\"@id\":\"https:\/\/nehomia.com\/#\/schema\/logo\/image\/\",\"url\":\"https:\/\/nehomia.com\/wp-content\/uploads\/2025\/02\/logo-valide2.webp\",\"contentUrl\":\"https:\/\/nehomia.com\/wp-content\/uploads\/2025\/02\/logo-valide2.webp\",\"width\":996,\"height\":300,\"caption\":\"S\u00e9curisons ensemble votre budget \u00e9nerg\u00e9tique - Nehomia\"},\"image\":{\"@id\":\"https:\/\/nehomia.com\/#\/schema\/logo\/image\/\"}},{\"@type\":\"Person\",\"@id\":\"https:\/\/nehomia.com\/#\/schema\/person\/b4b6042119c9b0dbe57c432ef2f54b53\",\"name\":\"Nehomia\",\"image\":{\"@type\":\"ImageObject\",\"inLanguage\":\"fr-FR\",\"@id\":\"https:\/\/nehomia.com\/#\/schema\/person\/image\/\",\"url\":\"https:\/\/secure.gravatar.com\/avatar\/b5fad20baac463b2b58891372d4cabc3?s=96&d=mm&r=g\",\"contentUrl\":\"https:\/\/secure.gravatar.com\/avatar\/b5fad20baac463b2b58891372d4cabc3?s=96&d=mm&r=g\",\"caption\":\"Nehomia\"},\"url\":\"https:\/\/nehomia.com\/index.php\/author\/neho2502mia\/\"}]}<\/script>\n<!-- \/ Yoast SEO plugin. -->","yoast_head_json":{"title":"L'ARENH\u00a0: Actualit\u00e9s et Perspectives pour les Entreprises en 2025 &#8211; Nehomia","robots":{"index":"index","follow":"follow","max-snippet":"max-snippet:-1","max-image-preview":"max-image-preview:large","max-video-preview":"max-video-preview:-1"},"canonical":"https:\/\/nehomia.com\/index.php\/2025\/02\/27\/larenh-actualites-et-perspectives-pour-les-entreprises-en-2025\/","og_locale":"fr_FR","og_type":"article","og_title":"L'ARENH\u00a0: Actualit\u00e9s et Perspectives pour les Entreprises en 2025 &#8211; Nehomia","og_description":"La fin de l'ARENH et l'introduction du Versement Nucl\u00e9aire Universel marquent une transition majeure dans le paysage \u00e9nerg\u00e9tique fran\u00e7ais. Les entreprises doivent anticiper ces changements en adaptant leurs strat\u00e9gies d'approvisionnement et en mettant en \u0153uvre des mesures pour optimiser leurs d\u00e9penses \u00e9nerg\u00e9tiques. Une approche proactive permettra de naviguer efficacement dans ce nouveau contexte et de minimiser l'impact financier des \u00e9volutions \u00e0 venir.","og_url":"https:\/\/nehomia.com\/index.php\/2025\/02\/27\/larenh-actualites-et-perspectives-pour-les-entreprises-en-2025\/","og_site_name":"Nehomia","article_published_time":"2025-02-27T13:53:36+00:00","article_modified_time":"2025-02-27T13:53:37+00:00","og_image":[{"width":1024,"height":1024,"url":"https:\/\/nehomia.com\/wp-content\/uploads\/2025\/02\/Midjourney-2025-02-16-19_48_30.png","type":"image\/png"}],"author":"Nehomia","twitter_card":"summary_large_image","twitter_misc":{"\u00c9crit par":"Nehomia","Dur\u00e9e de lecture estim\u00e9e":"4 minutes"},"schema":{"@context":"https:\/\/schema.org","@graph":[{"@type":"Article","@id":"https:\/\/nehomia.com\/index.php\/2025\/02\/27\/larenh-actualites-et-perspectives-pour-les-entreprises-en-2025\/#article","isPartOf":{"@id":"https:\/\/nehomia.com\/index.php\/2025\/02\/27\/larenh-actualites-et-perspectives-pour-les-entreprises-en-2025\/"},"author":{"name":"Nehomia","@id":"https:\/\/nehomia.com\/#\/schema\/person\/b4b6042119c9b0dbe57c432ef2f54b53"},"headline":"L&rsquo;ARENH\u00a0: Actualit\u00e9s et Perspectives pour les Entreprises en 2025","datePublished":"2025-02-27T13:53:36+00:00","dateModified":"2025-02-27T13:53:37+00:00","mainEntityOfPage":{"@id":"https:\/\/nehomia.com\/index.php\/2025\/02\/27\/larenh-actualites-et-perspectives-pour-les-entreprises-en-2025\/"},"wordCount":644,"publisher":{"@id":"https:\/\/nehomia.com\/#organization"},"image":{"@id":"https:\/\/nehomia.com\/index.php\/2025\/02\/27\/larenh-actualites-et-perspectives-pour-les-entreprises-en-2025\/#primaryimage"},"thumbnailUrl":"https:\/\/nehomia.com\/wp-content\/uploads\/2025\/02\/Midjourney-2025-02-16-19_48_30.webp","inLanguage":"fr-FR"},{"@type":"WebPage","@id":"https:\/\/nehomia.com\/index.php\/2025\/02\/27\/larenh-actualites-et-perspectives-pour-les-entreprises-en-2025\/","url":"https:\/\/nehomia.com\/index.php\/2025\/02\/27\/larenh-actualites-et-perspectives-pour-les-entreprises-en-2025\/","name":"L'ARENH\u00a0: Actualit\u00e9s et Perspectives pour les Entreprises en 2025 &#8211; Nehomia","isPartOf":{"@id":"https:\/\/nehomia.com\/#website"},"primaryImageOfPage":{"@id":"https:\/\/nehomia.com\/index.php\/2025\/02\/27\/larenh-actualites-et-perspectives-pour-les-entreprises-en-2025\/#primaryimage"},"image":{"@id":"https:\/\/nehomia.com\/index.php\/2025\/02\/27\/larenh-actualites-et-perspectives-pour-les-entreprises-en-2025\/#primaryimage"},"thumbnailUrl":"https:\/\/nehomia.com\/wp-content\/uploads\/2025\/02\/Midjourney-2025-02-16-19_48_30.webp","datePublished":"2025-02-27T13:53:36+00:00","dateModified":"2025-02-27T13:53:37+00:00","breadcrumb":{"@id":"https:\/\/nehomia.com\/index.php\/2025\/02\/27\/larenh-actualites-et-perspectives-pour-les-entreprises-en-2025\/#breadcrumb"},"inLanguage":"fr-FR","potentialAction":[{"@type":"ReadAction","target":["https:\/\/nehomia.com\/index.php\/2025\/02\/27\/larenh-actualites-et-perspectives-pour-les-entreprises-en-2025\/"]}]},{"@type":"ImageObject","inLanguage":"fr-FR","@id":"https:\/\/nehomia.com\/index.php\/2025\/02\/27\/larenh-actualites-et-perspectives-pour-les-entreprises-en-2025\/#primaryimage","url":"https:\/\/nehomia.com\/wp-content\/uploads\/2025\/02\/Midjourney-2025-02-16-19_48_30.webp","contentUrl":"https:\/\/nehomia.com\/wp-content\/uploads\/2025\/02\/Midjourney-2025-02-16-19_48_30.webp","width":1024,"height":1024},{"@type":"BreadcrumbList","@id":"https:\/\/nehomia.com\/index.php\/2025\/02\/27\/larenh-actualites-et-perspectives-pour-les-entreprises-en-2025\/#breadcrumb","itemListElement":[{"@type":"ListItem","position":1,"name":"Accueil","item":"https:\/\/nehomia.com\/"},{"@type":"ListItem","position":2,"name":"L&rsquo;ARENH\u00a0: Actualit\u00e9s et Perspectives pour les Entreprises en 2025"}]},{"@type":"WebSite","@id":"https:\/\/nehomia.com\/#website","url":"https:\/\/nehomia.com\/","name":"S\u00e9curisons ensemble votre budget \u00e9nerg\u00e9tique - Nehomia","description":"S\u00e9curisons ensemble votre budget \u00e9nerg\u00e9tique","publisher":{"@id":"https:\/\/nehomia.com\/#organization"},"alternateName":"Nehomia","potentialAction":[{"@type":"SearchAction","target":{"@type":"EntryPoint","urlTemplate":"https:\/\/nehomia.com\/?s={search_term_string}"},"query-input":{"@type":"PropertyValueSpecification","valueRequired":true,"valueName":"search_term_string"}}],"inLanguage":"fr-FR"},{"@type":"Organization","@id":"https:\/\/nehomia.com\/#organization","name":"S\u00e9curisons ensemble votre budget \u00e9nerg\u00e9tique - Nehomia","url":"https:\/\/nehomia.com\/","logo":{"@type":"ImageObject","inLanguage":"fr-FR","@id":"https:\/\/nehomia.com\/#\/schema\/logo\/image\/","url":"https:\/\/nehomia.com\/wp-content\/uploads\/2025\/02\/logo-valide2.webp","contentUrl":"https:\/\/nehomia.com\/wp-content\/uploads\/2025\/02\/logo-valide2.webp","width":996,"height":300,"caption":"S\u00e9curisons ensemble votre budget \u00e9nerg\u00e9tique - Nehomia"},"image":{"@id":"https:\/\/nehomia.com\/#\/schema\/logo\/image\/"}},{"@type":"Person","@id":"https:\/\/nehomia.com\/#\/schema\/person\/b4b6042119c9b0dbe57c432ef2f54b53","name":"Nehomia","image":{"@type":"ImageObject","inLanguage":"fr-FR","@id":"https:\/\/nehomia.com\/#\/schema\/person\/image\/","url":"https:\/\/secure.gravatar.com\/avatar\/b5fad20baac463b2b58891372d4cabc3?s=96&d=mm&r=g","contentUrl":"https:\/\/secure.gravatar.com\/avatar\/b5fad20baac463b2b58891372d4cabc3?s=96&d=mm&r=g","caption":"Nehomia"},"url":"https:\/\/nehomia.com\/index.php\/author\/neho2502mia\/"}]}},"_links":{"self":[{"href":"https:\/\/nehomia.com\/index.php\/wp-json\/wp\/v2\/posts\/614","targetHints":{"allow":["GET"]}}],"collection":[{"href":"https:\/\/nehomia.com\/index.php\/wp-json\/wp\/v2\/posts"}],"about":[{"href":"https:\/\/nehomia.com\/index.php\/wp-json\/wp\/v2\/types\/post"}],"author":[{"embeddable":true,"href":"https:\/\/nehomia.com\/index.php\/wp-json\/wp\/v2\/users\/2"}],"replies":[{"embeddable":true,"href":"https:\/\/nehomia.com\/index.php\/wp-json\/wp\/v2\/comments?post=614"}],"version-history":[{"count":1,"href":"https:\/\/nehomia.com\/index.php\/wp-json\/wp\/v2\/posts\/614\/revisions"}],"predecessor-version":[{"id":619,"href":"https:\/\/nehomia.com\/index.php\/wp-json\/wp\/v2\/posts\/614\/revisions\/619"}],"wp:featuredmedia":[{"embeddable":true,"href":"https:\/\/nehomia.com\/index.php\/wp-json\/wp\/v2\/media\/394"}],"wp:attachment":[{"href":"https:\/\/nehomia.com\/index.php\/wp-json\/wp\/v2\/media?parent=614"}],"wp:term":[{"taxonomy":"category","embeddable":true,"href":"https:\/\/nehomia.com\/index.php\/wp-json\/wp\/v2\/categories?post=614"},{"taxonomy":"post_tag","embeddable":true,"href":"https:\/\/nehomia.com\/index.php\/wp-json\/wp\/v2\/tags?post=614"}],"curies":[{"name":"wp","href":"https:\/\/api.w.org\/{rel}","templated":true}]}}